[{"@context":"https:\/\/schema.org\/","@type":"Article","@id":"https:\/\/www.terryfox.cz\/k-podzimu-patri-maskarni-kostymy\/#Article","mainEntityOfPage":"https:\/\/www.terryfox.cz\/k-podzimu-patri-maskarni-kostymy\/","headline":"K podzimu pat\u0159\u00ed ma\u0161karn\u00ed kost\u00fdmy","name":"K podzimu pat\u0159\u00ed ma\u0161karn\u00ed kost\u00fdmy","description":"A\u010dkoliv je\u0161t\u011b u n\u00e1s nem\u00e1 tak vybudovanou tradici, sv\u00e1tek Halloween se za\u010d\u00edn\u00e1 pomalu slavit i v\u00a0na\u0161ich kon\u010din\u00e1ch. Domy u\u017e m\u00e1me ozdobeny vydlaban\u00fdmi d\u00fdn\u011bmi a po\u0159izujeme t\u00e9matick\u00e9 dekorace. V\u00a0mezin\u00e1rodn\u00edch firm\u00e1ch u\u017e se po\u0159\u00e1daj\u00ed ve\u010d\u00edrky v\u00a0p\u0159evlec\u00edch a je na \u010dase, abyste se i vy vybavili n\u011bjakou vkusnou a vtipnou postavi\u010dkou. Ve\u010d\u00edrek je toti\u017e u\u017e za t\u00fdden. Vyb\u00edrat [&hellip;]","datePublished":"2024-10-30","dateModified":"2024-10-30","author":{"@type":"Person","@id":"https:\/\/www.terryfox.cz\/author\/#Person","name":"","url":"https:\/\/www.terryfox.cz\/author\/","identifier":1,"image":{"@type":"ImageObject","@id":"https:\/\/secure.gravatar.com\/avatar\/e438cf5e9254ac1473cb2bcda7b082b2?s=96&d=mm&r=g","url":"https:\/\/secure.gravatar.com\/avatar\/e438cf5e9254ac1473cb2bcda7b082b2?s=96&d=mm&r=g","height":96,"width":96}},"publisher":{"@type":"Organization","name":"terryfox.cz","logo":{"@type":"ImageObject","@id":"\/logo.png","url":"\/logo.png","width":600,"height":60}},"url":"https:\/\/www.terryfox.cz\/k-podzimu-patri-maskarni-kostymy\/","wordCount":253,"articleBody":"\tA\u010dkoliv je\u0161t\u011b u n\u00e1s nem\u00e1 tak vybudovanou tradici, sv\u00e1tek Halloween se za\u010d\u00edn\u00e1 pomalu slavit i v\u00a0na\u0161ich kon\u010din\u00e1ch. Domy u\u017e m\u00e1me ozdobeny vydlaban\u00fdmi d\u00fdn\u011bmi a po\u0159izujeme t\u00e9matick\u00e9 dekorace. V\u00a0mezin\u00e1rodn\u00edch firm\u00e1ch u\u017e se po\u0159\u00e1daj\u00ed ve\u010d\u00edrky v\u00a0p\u0159evlec\u00edch a je na \u010dase, abyste se i vy vybavili n\u011bjakou vkusnou a vtipnou postavi\u010dkou. Ve\u010d\u00edrek je toti\u017e u\u017e za t\u00fdden. Vyb\u00edrat m\u016f\u017eete z\u00a0cel\u00e9 \u0159ady postav a p\u0159evleky jsou dostupn\u00e9 v\u00a0n\u011bkolika verz\u00edch. Nen\u00ed probl\u00e9m b\u00fdt na ve\u010d\u00edrku po\u0159\u00e1dn\u011b sexy, ale se\u017eenete i p\u0159evlek, kter\u00fd bude ct\u00edt v\u0161echny spole\u010densk\u00e9 normy. T\u0159eba tradi\u010dn\u00ed kroj. Je jen na v\u00e1s, jak moc jste odv\u00e1\u017en\u00ed.\tI dosp\u011bl\u00ed je maj\u00ed r\u00e1diA co? No p\u0159eci ma\u0161karn\u00ed kost\u00fdmy. Kdo by se net\u011b\u0161il na to, \u017ee se jednou za rok m\u016f\u017ee p\u0159evl\u00e9ci z\u00a0uhlazen\u00e9ho kalhotov\u00e9ho kompletu a navl\u00e9ci oblek po\u0159\u00e1dn\u011b bl\u00e1zniv\u00fd. A klidn\u011b m\u016f\u017eete j\u00edt i do odv\u00e1\u017en\u00fdch model\u016f a na ve\u010d\u00edrku b\u00fdt tentokr\u00e1t za sexy \u010darod\u011bjku. U n\u00e1s toti\u017e po\u0159\u00edd\u00edte nejen cel\u00fd p\u0159evlek, ale i celou \u0159adu nezbytn\u00fdch dopl\u0148k\u016f. Na ve\u010d\u00edrek budete skv\u011ble p\u0159ipraveni a jist\u011b v\u00e1m v\u00e1\u0161 p\u0159evlek budou v\u0161ichni chv\u00e1lit.                                                                                                                                                                                                                                                                                                                                                                                        4.4\/5 - (7 votes)        "},{"@context":"https:\/\/schema.org\/","@type":"BreadcrumbList","itemListElement":[{"@type":"ListItem","position":1,"name":"K podzimu pat\u0159\u00ed ma\u0161karn\u00ed kost\u00fdmy","item":"https:\/\/www.terryfox.cz\/k-podzimu-patri-maskarni-kostymy\/#breadcrumbitem"}]}]